{"id":20782,"date":"2020-07-21T08:35:56","date_gmt":"2020-07-21T06:35:56","guid":{"rendered":"https:\/\/www.ingartek.com\/?p=20782"},"modified":"2023-12-14T09:30:07","modified_gmt":"2023-12-14T08:30:07","slug":"covid-19-y-las-consultoras-de-movilidad-y-transporte","status":"publish","type":"post","link":"https:\/\/www.ingartek.com\/es\/covid-19-y-las-consultoras-de-movilidad-y-transporte\/","title":{"rendered":"COVID-19 y las consultoras de movilidad y transporte"},"content":{"rendered":"<p>Hace tan solo unos meses las <b>consultoras de movilidad y transporte<\/b> centraban sus esfuerzos en temas relacionados con la eficiencia del transporte, el impacto medioambiental o la b\u00fasqueda de soluciones para descongestionar las grandes ciudades. Hoy el horizonte ha cambiado radicalmente. En tan solo unos d\u00edas la movilidad y la contaminaci\u00f3n han dejado de ser el tema central. Sin embargo, este nuevo escenario propiciado por la llegada del COVID -19, plantea nuevos retos, como mostramos a continuaci\u00f3n.<\/p>\n<h4>Nuevos retos para consultoras de movilidad y transporte<\/h4>\n<p>Las consultoras de movilidad y transporte<b> ser\u00e1n m\u00e1s importantes que nunca a partir del desconfinamiento por COVID-19.<\/b> Son muchos los que dicen que ya nada va a ser igual que antes y lo cierto es que no les falta raz\u00f3n, especialmente si hablamos de movilidad.<\/p>\n<p>No es l\u00f3gico pensar que en tan solo unos d\u00edas todo vuelva a la normalidad. Algunos de los h\u00e1bitos adquiridos en tema de movilidad cambiar\u00e1n, especialmente en el periodo que transcurre hasta la aparici\u00f3n de un <b>tratamiento y una vacuna contra el virus<\/b>.<\/p>\n<p>A medida que se reanude la actividad econ\u00f3mica, <b>ser\u00e1 necesario tomar medidas para respetar la distancia social y las aglomeraciones. <\/b>Esto tambi\u00e9n se aplicar\u00e1 al <b>transporte p\u00fablico<\/b>. Se requerir\u00e1 <b>un nuevo planteamiento para abarcar la afluencia de personas evitando aglomeraciones<\/b> en paradas, estaciones o el interior de los veh\u00edculos.<\/p>\n<p>Tambi\u00e9n es de esperar un<b> incremento en el uso del transporte privado<\/b>, lo que a su vez requer\u00eda <a href=\"https:\/\/www.ingartek.com\/es\/planes-estrategicos-de-movilidad-y-transporte\/\">nuevos planteamientos de movilidad urbana<\/a>. Para ello, <b>las <\/b><a href=\"https:\/\/www.ingartek.com\/es\/\"><b>consultoras de movilidad y transporte<\/b><\/a> <b>colaboran sin duda con los organismos p\u00fablicos.\u00a0<\/b><\/p>\n<h4>\u00bfC\u00f3mo afrontar\u00e1n los cambios en la movilidad urbana las consultoras?<\/h4>\n<p>Crear y desarrollar nuevos proyectos de movilidad conlleva gastos. La inestabilidad econ\u00f3mica que ha supuesto esta pandemia supondr\u00e1 un reto para solventar los <b>problemas de transporte<\/b>, especialmente en \u00e1reas urbanas. Adem\u00e1s, los rescates que puedan llegar de Europa se utilizar\u00e1n principalmente para atender a la situaci\u00f3n precaria en la podr\u00eda quedar una parte de la ciudadan\u00eda.<\/p>\n<p>A pesar de estos datos, la situaci\u00f3n se puede afrontar gracias a la <b>movilizaci\u00f3n de la inversi\u00f3n privada en materia de infraestructuras<\/b>. A pesar de los riesgos, este momento hist\u00f3rico puede ser una oportunidad para el trabajo conjunto del sector p\u00fablico con el privado.<\/p>\n<p>&nbsp;<\/p>\n<p>&nbsp;<\/p>\n","protected":false},"excerpt":{"rendered":"<p>Hace tan solo unos meses las consultoras de movilidad y transporte centraban sus esfuerzos en temas relacionados con la eficiencia del transporte, el impacto medioambiental o la b\u00fasqueda de soluciones para descongestionar las grandes ciudades. Hoy el horizonte ha cambiado&#8230;<\/p>\n","protected":false},"author":7,"featured_media":0,"comment_status":"open","ping_status":"open","sticky":false,"template":"","format":"standard","meta":{"content-type":"","footnotes":""},"categories":[124],"tags":[714,715,264,449,170,636],"class_list":["post-20782","post","type-post","status-publish","format-standard","hentry","category-noticias","tag-consultoras-de-movilidad-y-transporte","tag-eficiencia-del-transporte","tag-movilidad-sostenible","tag-movilidad-y-transporte","tag-transporte-publico","tag-transporte-urbano"],"_links":{"self":[{"href":"https:\/\/www.ingartek.com\/es\/wp-json\/wp\/v2\/posts\/20782","targetHints":{"allow":["GET"]}}],"collection":[{"href":"https:\/\/www.ingartek.com\/es\/wp-json\/wp\/v2\/posts"}],"about":[{"href":"https:\/\/www.ingartek.com\/es\/wp-json\/wp\/v2\/types\/post"}],"author":[{"embeddable":true,"href":"https:\/\/www.ingartek.com\/es\/wp-json\/wp\/v2\/users\/7"}],"replies":[{"embeddable":true,"href":"https:\/\/www.ingartek.com\/es\/wp-json\/wp\/v2\/comments?post=20782"}],"version-history":[{"count":0,"href":"https:\/\/www.ingartek.com\/es\/wp-json\/wp\/v2\/posts\/20782\/revisions"}],"wp:attachment":[{"href":"https:\/\/www.ingartek.com\/es\/wp-json\/wp\/v2\/media?parent=20782"}],"wp:term":[{"taxonomy":"category","embeddable":true,"href":"https:\/\/www.ingartek.com\/es\/wp-json\/wp\/v2\/categories?post=20782"},{"taxonomy":"post_tag","embeddable":true,"href":"https:\/\/www.ingartek.com\/es\/wp-json\/wp\/v2\/tags?post=20782"}],"curies":[{"name":"wp","href":"https:\/\/api.w.org\/{rel}","templated":true}]}}