{"id":20769,"date":"2020-07-08T09:20:47","date_gmt":"2020-07-08T07:20:47","guid":{"rendered":"https:\/\/www.ingartek.com\/?p=20769"},"modified":"2023-12-14T09:32:56","modified_gmt":"2023-12-14T08:32:56","slug":"cambio-de-movilidad-en-las-ciudades-por-covid-19","status":"publish","type":"post","link":"https:\/\/www.ingartek.com\/es\/cambio-de-movilidad-en-las-ciudades-por-covid-19\/","title":{"rendered":"Cambio de movilidad en las ciudades por COVID-19"},"content":{"rendered":"<p>La pandemia del COVID-19 est\u00e1 generando un <b>cambio de movilidad en las ciudades<\/b>. Las autoridades sanitarias y gubernamentales est\u00e1n estableciendo una serie de modificaciones que afectar\u00e1n la forma de desplazarse por la ciudad por un largo espacio de tiempo. Te hablamos de los posibles cambios.<\/p>\n<h4><b>\u00bfPor qu\u00e9 conllevar\u00e1 el COVID-19 un cambio de movilidad en las ciudades?<\/b><\/h4>\n<p><b>El principal cambio de movilidad en las ciudades por causa del COVID-19 se ver\u00e1 reflejado en el <\/b><a href=\"https:\/\/www.ingartek.com\/es\/auditorias-de-servicio-de-transporte\/\"><b>transporte p\u00fablico<\/b><\/a><b>.<\/b> Para mantener la distancia social se han suspendido grandes eventos y se mantienen cerrados algunos espacios con gran afluencia de personas. Esto reducir\u00e1 el uso del transporte p\u00fablico y privado en fines de semana o en d\u00edas festivos. Pero \u00bfqu\u00e9 ocurrir\u00e1 en el d\u00eda a d\u00eda?<\/p>\n<p>Millones personas utilizan el transporte p\u00fablico a diario, para desplazarse al trabajo, para ir a estudiar o para realizar cualquier otra actividad. En grandes ciudades era com\u00fan ver grandes aglomeraciones de personas esperando en las paradas o estaciones. A partir de ahora habr\u00e1 un control para evitar que eso ocurra, al menos hasta que aparezca un <b>tratamiento o vacuna eficaz contra el virus<\/b>.<\/p>\n<h4><b>\u00bfQu\u00e9 cambios de movilidad se esperan tras el confinamiento? <\/b><\/h4>\n<p>Las nuevas medidas de distanciamiento social pueden traer un importante cambio de movilidad en las ciudades. Existen dos grandes problemas que pueden influir en la movilidad; el <b>distanciamiento social<\/b> y el uso del transporte privado. Ambos requieren importantes reformas en la manera de moverse.<\/p>\n<p>Mantener la distancia social en una ciudad es muy dif\u00edcil, especialmente en aquellas que superan el medio mill\u00f3n de habitantes. <b>Es previsible que se lleve a cabo una limitaci\u00f3n al n\u00famero de pasajeros que entren en el transporte p\u00fablico<\/b>, por lo que <b>ser\u00e1 necesario <\/b><a href=\"https:\/\/www.ingartek.com\/es\/planes-estrategicos-de-movilidad-y-transporte\/\"><b>planificar nuevos horarios y tal vez incrementar algunas frecuencias en determinados momentos.<\/b> <\/a>Esto supondr\u00e1 nuevos estudios en la movilidad.<\/p>\n<p>Otro problema puede ser la decisi\u00f3n de que muchos usuarios cambien el transporte p\u00fablico por el privado. Esto supondr\u00eda un <b>incremento considerable en la densidad del tr\u00e1fico<\/b>, lo que formar\u00eda atascos, aumentar\u00eda los tiempos de desplazamiento y disparar\u00eda la contaminaci\u00f3n.<\/p>\n<h4>\u00bf<b>C\u00f3mo afrontar el cambio de movilidad en las ciudades? <\/b><\/h4>\n<p><b>P<\/b><b>ara afrontar el cambio de movilidad<\/b> que requerir\u00e1n las nuevas medidas por COVID-19, <b>ser\u00e1 necesario acudir a <\/b><a href=\"https:\/\/www.ingartek.com\/es\/planificacion-urbana\/\"><b>consultoras de movilidad y transporte<\/b><\/a><b>.<\/b> M\u00e1s que nunca, ser\u00e1 necesario planificar el transporte p\u00fablico, el transporte privado y todas las alternativas posibles.<\/p>\n<p>Algunas de las opciones que m\u00e1s pueden contribuir a disminuir el colapso en las ciudades es la concienciaci\u00f3n. El uso de <b>alternativas como la bicicleta, el patinete el\u00e9ctrico o caminar,<\/b> pueden ser muy beneficiosas para reducir los problemas derivados de la vuelta a la rutina.<\/p>\n<p>En <a href=\"https:\/\/www.ingartek.com\/es\/\">Ingartek<\/a> somos expertos en movilidad urbana y realizamos planes estrat\u00e9gicos para gestionar el transporte y la movilidad.\u00a0 \u00a1Ponte en <a href=\"https:\/\/www.ingartek.com\/es\/contacto\/\">contacto<\/a> con nosotros para m\u00e1s informaci\u00f3n!<\/p>\n<p>&nbsp;<\/p>\n<p>&nbsp;<\/p>\n","protected":false},"excerpt":{"rendered":"<p>La pandemia del COVID-19 est\u00e1 generando un cambio de movilidad en las ciudades. Las autoridades sanitarias y gubernamentales est\u00e1n estableciendo una serie de modificaciones que afectar\u00e1n la forma de desplazarse por la ciudad por un largo espacio de tiempo. Te&#8230;<\/p>\n","protected":false},"author":7,"featured_media":0,"comment_status":"open","ping_status":"open","sticky":false,"template":"","format":"standard","meta":{"content-type":"","footnotes":""},"categories":[124],"tags":[708,709,264,385,170],"class_list":["post-20769","post","type-post","status-publish","format-standard","hentry","category-noticias","tag-cambio-de-movilidad","tag-consultora-de-movildiad-y-transporte","tag-movilidad-sostenible","tag-movilidad-urbana","tag-transporte-publico"],"_links":{"self":[{"href":"https:\/\/www.ingartek.com\/es\/wp-json\/wp\/v2\/posts\/20769","targetHints":{"allow":["GET"]}}],"collection":[{"href":"https:\/\/www.ingartek.com\/es\/wp-json\/wp\/v2\/posts"}],"about":[{"href":"https:\/\/www.ingartek.com\/es\/wp-json\/wp\/v2\/types\/post"}],"author":[{"embeddable":true,"href":"https:\/\/www.ingartek.com\/es\/wp-json\/wp\/v2\/users\/7"}],"replies":[{"embeddable":true,"href":"https:\/\/www.ingartek.com\/es\/wp-json\/wp\/v2\/comments?post=20769"}],"version-history":[{"count":0,"href":"https:\/\/www.ingartek.com\/es\/wp-json\/wp\/v2\/posts\/20769\/revisions"}],"wp:attachment":[{"href":"https:\/\/www.ingartek.com\/es\/wp-json\/wp\/v2\/media?parent=20769"}],"wp:term":[{"taxonomy":"category","embeddable":true,"href":"https:\/\/www.ingartek.com\/es\/wp-json\/wp\/v2\/categories?post=20769"},{"taxonomy":"post_tag","embeddable":true,"href":"https:\/\/www.ingartek.com\/es\/wp-json\/wp\/v2\/tags?post=20769"}],"curies":[{"name":"wp","href":"https:\/\/api.w.org\/{rel}","templated":true}]}}