{"id":20701,"date":"2020-05-14T18:30:29","date_gmt":"2020-05-14T16:30:29","guid":{"rendered":"https:\/\/www.ingartek.com\/?p=20701"},"modified":"2025-02-11T12:34:44","modified_gmt":"2025-02-11T11:34:44","slug":"lecciones-del-presente-para-abordar-la-nueva-movilidad-en-el-transporte-publico-urbano-y-metropolitano","status":"publish","type":"post","link":"https:\/\/www.ingartek.com\/es\/lecciones-del-presente-para-abordar-la-nueva-movilidad-en-el-transporte-publico-urbano-y-metropolitano\/","title":{"rendered":"Lecciones del presente para abordar la nueva movilidad en el transporte p\u00fablico urbano y metropolitano"},"content":{"rendered":"<p>Ya lo hemos dicho en las \u00faltimas semanas, la <b>gesti\u00f3n del transporte p\u00fablico<\/b> ha sido uno de los puntos a tratar m\u00e1s significativos que ha tra\u00eddo el Covid-19 al sector de la movilidad y el transporte.<\/p>\n<p>La actual situaci\u00f3n y la que hemos vivido en los \u00faltimos dos meses nos han de servir como ejemplo o gu\u00eda para <a href=\"https:\/\/www.ingartek.com\/es\/auditorias-de-servicio-de-transporte\/\" target=\"_blank\" rel=\"noopener noreferrer\">dise\u00f1ar y controlar<\/a> la gesti\u00f3n del transporte p\u00fablico urbano y metropolitano de cara al <b>futuro<\/b>.<\/p>\n<p>En el webinar sobre \u2018Lecciones del presente para abordar la nueva movilidad en el transporte p\u00fablico urbano y metropolitano\u2019, hemos querido profundizar en la importancia de contar con <b>herramientas necesarias para la toma de decisiones<\/b> de cara a una planificaci\u00f3n de la red de transporte por carretera. No hemos podido evitar analizar las alternativas que ofrezcan o ayuden a <b>impulsar una movilidad urbana sostenible<\/b>, sin olvidar, por supuesto, las <b>metodolog\u00edas desarrolladas<\/b>, o que quedan por desarrollar, que permitan dar respuesta a cada situaci\u00f3n.<\/p>\n<p>Si no pudiste seguir, si te perdiste algo o quieres volver a ver el webinar donde <a href=\"https:\/\/www.ingartek.com\/es\/quienes-somos\/#equipo\" target=\"_blank\" rel=\"noopener noreferrer\"><b>Sergio Barre\u00f1a<\/b><\/a>, especialista en movilidad y transporte urbano y socio-fundador de Ingartek; <a href=\"https:\/\/www.ingartek.com\/es\/quienes-somos\/#equipo\" target=\"_blank\" rel=\"noopener noreferrer\"><b>Susana Alarc\u00f3n<\/b><\/a>, especialista en auditorias de servicio de transporte y socia-fundadora de Ingartek; y <a href=\"https:\/\/es.linkedin.com\/in\/carlos-crist%C3%B3bal-pinto-a56a952b\" target=\"_blank\" rel=\"noopener noreferrer nofollow\"><b>Carlos Crist\u00f3bal Pinto<\/b><\/a>, experto en transporte p\u00fablico y movilidad sostenible, a continuaci\u00f3n encontrar\u00e1s la grabaci\u00f3n del mismo y la presentaci\u00f3n que utilizaron.<\/p>\n<div style=\"padding: 53.13% 0 0 0; position: relative;\"><iframe style=\"position: absolute; top: 0; left: 0; width: 100%; height: 100%;\" src=\"https:\/\/player.vimeo.com\/video\/418788840?title=0&amp;byline=0&amp;portrait=0\" frameborder=\"0\" allowfullscreen=\"allowfullscreen\"><\/iframe><\/div>\n<p><script src=\"https:\/\/player.vimeo.com\/api\/player.js\"><\/script><\/p>\n<h3>Si quieres descargarte la presentaci\u00f3n del Webinar dejanos tus datos:<\/h3>\n<form id=\"new_subscriber\" class=\"simple_form form form-vertical\" style=\"width: 50%;\" accept-charset=\"UTF-8\" action=\"https:\/\/ingartek.ipzmarketing.com\/f\/heQPTUiKYME\" method=\"post\" novalidate=\"novalidate\"><input name=\"utf8\" type=\"hidden\" value=\"\u2713\" \/><\/p>\n<div class=\"form-group string optional subscriber_name\"><label class=\"control-label string optional\" for=\"subscriber_name\">Nombre<\/label><input id=\"subscriber_name\" class=\"form-control string optional cf7_custom_style_1 input wpcf7-form-control wpcf7-text\" style=\"padding: 15px 15px 0px 15px;\" name=\"subscriber[name]\" type=\"text\" \/><\/div>\n<div class=\"form-group email required subscriber_email\" style=\"padding-top: 15px;\"><label class=\"control-label email required\" for=\"subscriber_email\"><abbr title=\"Requerido\"> <\/abbr> Email<\/label><input id=\"subscriber_email\" class=\"form-control string email required cf7_custom_style_1 input wpcf7-form-control wpcf7-text\" style=\"padding: 15px 15px 0px 15px;\" name=\"subscriber[email]\" type=\"email\" \/><\/div>\n<p><input id=\"anotheremail\" style=\"position: absolute; left: -5000px;\" tabindex=\"-1\" autocomplete=\"off\" name=\"anotheremail\" type=\"text\" \/><\/p>\n<div class=\"submit-wrapper\"><input class=\"btn btn-primary wpcf7-form-control wpcf7-submit qbutton medium default\" name=\"commit\" type=\"submit\" value=\"Enviar\" data-disable-with=\"Procesando\" \/><\/div>\n<\/form>\n","protected":false},"excerpt":{"rendered":"<p>Ya lo hemos dicho en las \u00faltimas semanas, la gesti\u00f3n del transporte p\u00fablico ha sido uno de los puntos a tratar m\u00e1s significativos que ha tra\u00eddo el Covid-19 al sector de la movilidad y el transporte. La actual situaci\u00f3n y&#8230;<\/p>\n","protected":false},"author":7,"featured_media":0,"comment_status":"open","ping_status":"open","sticky":false,"template":"","format":"standard","meta":{"content-type":"","footnotes":""},"categories":[125,1979],"tags":[706,702,263,425,449,319,700,707,705],"class_list":["post-20701","post","type-post","status-publish","format-standard","hentry","category-blog-del-conocimiento","category-webinar","tag-carlos-cristobal-pinto","tag-gestion-del-transporte-publico","tag-movilidad","tag-movilidad-urbana-sostenible","tag-movilidad-y-transporte","tag-sergio-barrena","tag-susana-alarcon","tag-tranporte-publico","tag-webinar"],"_links":{"self":[{"href":"https:\/\/www.ingartek.com\/es\/wp-json\/wp\/v2\/posts\/20701","targetHints":{"allow":["GET"]}}],"collection":[{"href":"https:\/\/www.ingartek.com\/es\/wp-json\/wp\/v2\/posts"}],"about":[{"href":"https:\/\/www.ingartek.com\/es\/wp-json\/wp\/v2\/types\/post"}],"author":[{"embeddable":true,"href":"https:\/\/www.ingartek.com\/es\/wp-json\/wp\/v2\/users\/7"}],"replies":[{"embeddable":true,"href":"https:\/\/www.ingartek.com\/es\/wp-json\/wp\/v2\/comments?post=20701"}],"version-history":[{"count":0,"href":"https:\/\/www.ingartek.com\/es\/wp-json\/wp\/v2\/posts\/20701\/revisions"}],"wp:attachment":[{"href":"https:\/\/www.ingartek.com\/es\/wp-json\/wp\/v2\/media?parent=20701"}],"wp:term":[{"taxonomy":"category","embeddable":true,"href":"https:\/\/www.ingartek.com\/es\/wp-json\/wp\/v2\/categories?post=20701"},{"taxonomy":"post_tag","embeddable":true,"href":"https:\/\/www.ingartek.com\/es\/wp-json\/wp\/v2\/tags?post=20701"}],"curies":[{"name":"wp","href":"https:\/\/api.w.org\/{rel}","templated":true}]}}