{"id":20653,"date":"2020-05-08T17:02:16","date_gmt":"2020-05-08T15:02:16","guid":{"rendered":"https:\/\/www.ingartek.com\/?p=20653"},"modified":"2025-02-11T12:34:41","modified_gmt":"2025-02-11T11:34:41","slug":"webinar-hiriko-eta-metropoliko-garraio-publikoan-mugikortasun-berriari-ekiteko-orainaldiko-irakaspenak","status":"publish","type":"post","link":"https:\/\/www.ingartek.com\/es\/webinar-hiriko-eta-metropoliko-garraio-publikoan-mugikortasun-berriari-ekiteko-orainaldiko-irakaspenak\/","title":{"rendered":"Webinar sobre \u201cLecciones del presente para abordar la nueva movilidad en el transporte p\u00fablico urbano y metropolitano\u201d"},"content":{"rendered":"<p>La gesti\u00f3n del transporte p\u00fablico ha sido uno de los puntos a tratar m\u00e1s significativos que ha tra\u00eddo el Covid-19 al sector de la movilidad y el transporte. Pero m\u00e1s all\u00e1 de estas primeras reacciones, la crisis plantea un nuevo contexto que, aunque es dif\u00edcil de predecir, probablemente cambiar\u00e1 la manera de gestionar el transporte p\u00fablico.<\/p>\n<p>Te invitamos al Webinar sobre <strong>\u201cLecciones del presente para abordar la nueva movilidad en el transporte p\u00fablico urbano y metropolitano\u201d<\/strong> en el que compartiremos algunas reflexiones sobre las caracter\u00edsticas, los retos y las oportunidades que afrontan los departamentos de movilidad en el nuevo escenario que se presenta.<\/p>\n<p><strong>Entre otros, hablaremos de aspectos como:<\/strong><\/p>\n<ul>\n<li>Las herramientas necesarias para la toma de decisiones de cara a una planificaci\u00f3n de la red de transportes por carretera.<\/li>\n<li>Las alternativas que favorezcan una movilidad urbana sostenible.<\/li>\n<li>Las metodolog\u00edas a desarrollar que permitan dar respuesta a cada situaci\u00f3n.<\/li>\n<\/ul>\n<p>Con la participaci\u00f3n de:<\/p>\n<ul>\n<li><strong>Sergio Barre\u00f1a<\/strong>, especialista en movilidad y transporte urbano y socio-fundador de Ingartek.<\/li>\n<li><strong>Susana Alarc\u00f3n<\/strong>, especialista en auditorias de servicio de transporte y socia-fundadora de Ingartek.<\/li>\n<li><strong>Carlos Crist\u00f3bal Pinto<\/strong>, experto en transporte p\u00fablico y movilidad sostenible<\/li>\n<\/ul>\n<p>&nbsp;<\/p>\n","protected":false},"excerpt":{"rendered":"<p>La gesti\u00f3n del transporte p\u00fablico ha sido uno de los puntos a tratar m\u00e1s significativos que ha tra\u00eddo el Covid-19 al sector de la movilidad y el transporte. Pero m\u00e1s all\u00e1 de estas primeras reacciones, la crisis plantea un nuevo&#8230;<\/p>\n","protected":false},"author":7,"featured_media":0,"comment_status":"open","ping_status":"open","sticky":false,"template":"","format":"standard","meta":{"content-type":"","footnotes":""},"categories":[124,1979],"tags":[761,764,760,762,763],"class_list":["post-20653","post","type-post","status-publish","format-standard","hentry","category-noticias","category-webinar","tag-garraio-operadoreak","tag-garraio-publikoa-2","tag-garraio-publikoaren-kudeaketa","tag-mugikortasun-jasangarria-2","tag-mugikortasuna-eta-garraioa-2"],"_links":{"self":[{"href":"https:\/\/www.ingartek.com\/es\/wp-json\/wp\/v2\/posts\/20653","targetHints":{"allow":["GET"]}}],"collection":[{"href":"https:\/\/www.ingartek.com\/es\/wp-json\/wp\/v2\/posts"}],"about":[{"href":"https:\/\/www.ingartek.com\/es\/wp-json\/wp\/v2\/types\/post"}],"author":[{"embeddable":true,"href":"https:\/\/www.ingartek.com\/es\/wp-json\/wp\/v2\/users\/7"}],"replies":[{"embeddable":true,"href":"https:\/\/www.ingartek.com\/es\/wp-json\/wp\/v2\/comments?post=20653"}],"version-history":[{"count":0,"href":"https:\/\/www.ingartek.com\/es\/wp-json\/wp\/v2\/posts\/20653\/revisions"}],"wp:attachment":[{"href":"https:\/\/www.ingartek.com\/es\/wp-json\/wp\/v2\/media?parent=20653"}],"wp:term":[{"taxonomy":"category","embeddable":true,"href":"https:\/\/www.ingartek.com\/es\/wp-json\/wp\/v2\/categories?post=20653"},{"taxonomy":"post_tag","embeddable":true,"href":"https:\/\/www.ingartek.com\/es\/wp-json\/wp\/v2\/tags?post=20653"}],"curies":[{"name":"wp","href":"https:\/\/api.w.org\/{rel}","templated":true}]}}