{"id":20628,"date":"2020-04-22T10:00:42","date_gmt":"2020-04-22T08:00:42","guid":{"rendered":"https:\/\/www.ingartek.com\/?p=20628"},"modified":"2025-03-31T17:36:10","modified_gmt":"2025-03-31T16:36:10","slug":"cual-es-el-futuro-de-la-movilidad-urbana-sostenible-descubrelo-de-la-mano-de-susana-alarcon-en-el-congreso-comus-2020","status":"publish","type":"post","link":"https:\/\/www.ingartek.com\/es\/cual-es-el-futuro-de-la-movilidad-urbana-sostenible-descubrelo-de-la-mano-de-susana-alarcon-en-el-congreso-comus-2020\/","title":{"rendered":"\u00bfCu\u00e1l es el futuro de la movilidad urbana sostenible? Desc\u00fabrelo de la mano de Susana Alarc\u00f3n en el congreso Comus 2020"},"content":{"rendered":"<p>El I Congreso Online de Movilidad Urbana Sostenible, Comus 2020, se celebrar\u00e1 del 20 al 24 de abril con la participaci\u00f3n de diferentes expertos en movilidad sostenible. El congreso pretende ser un gran evento sobre <b>tendencias y retos de la movilidad,<\/b> los sistemas de transporte y las ciudades. Comus 2020 contar\u00e1 con la participaci\u00f3n de <b>Susana Alarc\u00f3n<\/b>, matem\u00e1tica y socia fundadora de <b>Ingartek Consulting<\/b>.<\/p>\n<p>Alarc\u00f3n expondr\u00e1 sobre la <b>planificaci\u00f3n del transporte p\u00fablico<\/b> <b>por carretera<\/b> en la crisis del Covid-19. Hablar\u00e1 sobre las buenas pr\u00e1cticas a seguir y dar\u00e1 recomendaciones sobre ello.<\/p>\n<h4>Planificaci\u00f3n de la red de transporte<\/h4>\n<p>Planificar una red de transporte, es decir, determinar qu\u00e9 servicios ha de prestar dicha red, qu\u00e9 frecuencias ha de proporcionar al ciudadano, en qu\u00e9 momentos, cu\u00e1l es la capacidad adecuada para cubrir las necesidades con un alto grado de calidad, ha de llevarse a cabo teniendo en cuenta m\u00faltiples factores.<\/p>\n<p>En una situaci\u00f3n como la que se ha producido ante la crisis del <b>COVID-19<\/b>, en la que los cambios se iban sucediendo d\u00eda a d\u00eda, y las distintas medidas tomadas en torno al <b>servicio de transporte<\/b> se iban modificando con un corto plazo para la implementaci\u00f3n de las mismas, se hace patente la necesidad de disponer de <b>herramientas <\/b>\u00e1giles de gesti\u00f3n, que provean de informaci\u00f3n ad hoc en cada momento.<\/p>\n<p>Por ello, <a href=\"https:\/\/www.ingartek.com\/es\/quienes-somos\/#equipo\" target=\"_blank\" rel=\"noopener noreferrer\">Alarc\u00f3n<\/a> describir\u00e1 en el congreso Comus 2020 c\u00f3mo se ha enfocado la adecuaci\u00f3n de la <b>oferta de transporte p\u00fablico,<\/b> en funci\u00f3n de los requisitos normativos establecidos y de las caracter\u00edsticas del propio servicio.<\/p>\n<h4>Alternativas de movilidad<\/h4>\n<p>Tal y como lo hemos comentado con anterioridad en varios post publicados en nuestra secci\u00f3n de <a href=\"https:\/\/www.ingartek.com\/es\/noticias\/\" target=\"_blank\" rel=\"noopener noreferrer\">noticias<\/a> o en el <a href=\"https:\/\/www.ingartek.com\/es\/blog-del-conocimiento\/\" target=\"_blank\" rel=\"noopener noreferrer\">Blog del Conocimiento<\/a>, nuestras ciudades est\u00e1n cada vez m\u00e1s pobladas, y urge buscar <b>alternativas de movilidad<\/b> que afronten de ra\u00edz la congesti\u00f3n del tr\u00e1fico, la accesibilidad urbana o la <b>movilidad urbana sostenible<\/b>, entre otros.<\/p>\n<p>En Ingartek nos mueve el deseo de un mundo que facilita la movilidad de la ciudadan\u00eda en sus desplazamientos. Por ello, ofrecemos <b>\u201cInteligencia en Movimiento\u201d<\/b>, es decir, soluciones a las ciudades, sus administraciones p\u00fablicas y la ciudadan\u00eda, para optimizar la <b>gesti\u00f3n del transporte<\/b>, la <b>circulaci\u00f3n<\/b>, la <b>movilidad<\/b>, y la <b>accesibilidad urbana<\/b>.<\/p>\n<p>Con todo esto conseguimos que las ciudades y lo servicios que la complementan sean m\u00e1s <b>eficaces <\/b>y m\u00e1s <b>sostenibles<\/b>. Ayudamos a las ciudades, a su ciudadan\u00eda y a sus administraciones p\u00fablicas para que la ciudadan\u00eda este satisfecha con la movilidad, con el <b>transporte<\/b> y con la <b>accesibilidad<\/b> a los espacios urbanos, porque queremos que el transporte y la movilidad sean eficaces en tiempo y coste, y que sean sostenibles.<\/p>\n","protected":false},"excerpt":{"rendered":"<p>El I Congreso Online de Movilidad Urbana Sostenible, Comus 2020, se celebrar\u00e1 del 20 al 24 de abril con la participaci\u00f3n de diferentes expertos en movilidad sostenible. El congreso pretende ser un gran evento sobre tendencias y retos de la&#8230;<\/p>\n","protected":false},"author":7,"featured_media":0,"comment_status":"open","ping_status":"open","sticky":false,"template":"","format":"standard","meta":{"content-type":"","footnotes":""},"categories":[124],"tags":[403,687,699,690,425,701,700],"class_list":["post-20628","post","type-post","status-publish","format-standard","hentry","category-noticias","tag-accesibilidad-urbana","tag-accesibilidad-urbana-sostenible","tag-comus-2020","tag-gestion-del-transporte","tag-movilidad-urbana-sostenible","tag-planificacion-del-tranporte","tag-susana-alarcon"],"_links":{"self":[{"href":"https:\/\/www.ingartek.com\/es\/wp-json\/wp\/v2\/posts\/20628","targetHints":{"allow":["GET"]}}],"collection":[{"href":"https:\/\/www.ingartek.com\/es\/wp-json\/wp\/v2\/posts"}],"about":[{"href":"https:\/\/www.ingartek.com\/es\/wp-json\/wp\/v2\/types\/post"}],"author":[{"embeddable":true,"href":"https:\/\/www.ingartek.com\/es\/wp-json\/wp\/v2\/users\/7"}],"replies":[{"embeddable":true,"href":"https:\/\/www.ingartek.com\/es\/wp-json\/wp\/v2\/comments?post=20628"}],"version-history":[{"count":0,"href":"https:\/\/www.ingartek.com\/es\/wp-json\/wp\/v2\/posts\/20628\/revisions"}],"wp:attachment":[{"href":"https:\/\/www.ingartek.com\/es\/wp-json\/wp\/v2\/media?parent=20628"}],"wp:term":[{"taxonomy":"category","embeddable":true,"href":"https:\/\/www.ingartek.com\/es\/wp-json\/wp\/v2\/categories?post=20628"},{"taxonomy":"post_tag","embeddable":true,"href":"https:\/\/www.ingartek.com\/es\/wp-json\/wp\/v2\/tags?post=20628"}],"curies":[{"name":"wp","href":"https:\/\/api.w.org\/{rel}","templated":true}]}}