{"id":20617,"date":"2020-04-17T12:26:48","date_gmt":"2020-04-17T10:26:48","guid":{"rendered":"https:\/\/www.ingartek.com\/?p=20617"},"modified":"2020-04-17T12:26:48","modified_gmt":"2020-04-17T10:26:48","slug":"gestion-del-transporte-publico-por-carretera-de-bizkaia-durante-el-periodo-de-pandemia-del-covid-19","status":"publish","type":"post","link":"https:\/\/www.ingartek.com\/es\/gestion-del-transporte-publico-por-carretera-de-bizkaia-durante-el-periodo-de-pandemia-del-covid-19\/","title":{"rendered":"Gesti\u00f3n del transporte p\u00fablico por carretera de Bizkaia durante el periodo de pandemia del Covid-19"},"content":{"rendered":"<p>La gesti\u00f3n del transporte p\u00fablico ha sido uno de los puntos m\u00e1s significativos que ha tra\u00eddo el Covid-19 al sector de la movilidad y el transporte. La continua adecuaci\u00f3n de las medidas de seguridad ha obligado a los gestores y planificadores de las <b>redes de transporte<\/b> a ir adecuando los servicios a dichas medidas. Desde Ingartek hemos trabajado y seguimos trabajando con la <b>Diputaci\u00f3n Foral de Bizkaia<\/b> en la <b>gesti\u00f3n de la red de Bizkaibus<\/b>, servicio interurbano de transporte por carretera de Bizkaia.<\/p>\n<p>La principal dificultad a la que se enfrentaban desde el <b>Departamento de Transportes y Movilidad Sostenible<\/b> para planificar los servicios de forma que se ajustaran a los decretos ha sido \u00abel desconocimiento\u00bb sobre el comportamiento esperado por la demanda en una situaci\u00f3n como esta.<\/p>\n<h4><b>Planificaci\u00f3n del servicio<\/b><\/h4>\n<p>Para determinar la gesti\u00f3n del transporte p\u00fablico de Bizkaia se han tenido que tener en cuenta diferentes realidades. Por un lado, las \u00f3rdenes institucionales aconsejaban la reducci\u00f3n de la oferta a un 50% del servicio, pero a la vez, las medidas de seguridad a tomar para evitar el posible contagio obligaban a mantener una distancia m\u00ednima entre viajeros.<\/p>\n<p>A esta combinaci\u00f3n de variables, se le a\u00f1ad\u00eda el poco tiempo del que se dispon\u00eda para determinar por parte de la Diputaci\u00f3n qu\u00e9 servicio se deb\u00eda dar, y que las <b>empresas concesionarias<\/b> deb\u00edan planificar con sus recursos, personales y materiales, dicho servicio. Todo ello en un ambiente de m\u00e1xima presi\u00f3n generado por la <b>inmediatez en la toma de las decisiones<\/b>, la necesaria intervenci\u00f3n de diversos agentes (institucionales, empresas), y m\u00faltiple informaci\u00f3n a gestionar (demanda por l\u00ednea y expedici\u00f3n, servicios a prestar, protocolos de seguridad).<\/p>\n<p>Por ello, para determinar una buena gesti\u00f3n del servicio de transporte p\u00fablico, se ha requerido de herramientas \u00e1giles que permitan tomar decisiones en base a datos \u00abreales\u00bb, as\u00ed como para reportar informaci\u00f3n concreta a la Autoridad del Transporte De Euskadi, el Ministerio&#8230;<\/p>\n<h4><b>Metodolog\u00eda \u00e1gil e inmediata<\/b><\/h4>\n<p>Ante esta situaci\u00f3n, <a href=\"https:\/\/www.ingartek.com\/es\/\" target=\"_blank\" rel=\"noopener noreferrer\">Ingartek <\/a>ha prestado su <a href=\"https:\/\/www.ingartek.com\/es\/proyectos-de-movilidad-y-transporte\/\" target=\"_blank\" rel=\"noopener noreferrer\">conocimiento<\/a>, tanto de las caracter\u00edsticas del servicio de transportes de Bizkaia, como de la gesti\u00f3n de la informaci\u00f3n a utilizar. La experiencia acumulada en este tipo de tareas ha sido fundamental para centrar la metodolog\u00eda a desarrollar.<\/p>\n<p>Se ha creado un espacio para el <b>intercambio de informaci\u00f3n<\/b> de manera \u00e1gil e inmediata entre las empresas, la administraci\u00f3n e Ingartek, donde se han registrado los indicadores cr\u00edticos necesarios para cubrir las necesidades de reporte a otras administraciones, as\u00ed como los indicadores que sirvan para gestionar la oferta en base a la demanda, junto a indicadores que permitan anticiparse a situaciones problem\u00e1ticas como el contagio entre el personal de conducci\u00f3n, o del personal cr\u00edtico para mantener el control del servicio.<\/p>\n<p>Adem\u00e1s, se han determinado las <b>metodolog\u00edas para la actualizaci\u00f3n<\/b> de toda esa informaci\u00f3n de forma semiautom\u00e1tica, para mantener los cuadros de mando actualizados en el menor tiempo posible. Todo esto ha sido dise\u00f1ado sin perder de vista las <a href=\"https:\/\/www.ingartek.com\/es\/productos\/\" target=\"_blank\" rel=\"noopener noreferrer\">herramientas <\/a>con las que cuenta el departamento, como son :<\/p>\n<ul>\n<li>Bases de cancelaciones (mon\u00e9tica)<\/li>\n<li>SAE (sistema de ayuda a la explotaci\u00f3n)<\/li>\n<li>Datos relacionados con la flota, personal, etc<\/li>\n<\/ul>\n<h4><b>Respuestas r\u00e1pidas<\/b><\/h4>\n<p>El verdadero valor de esta asistencia radica en la posibilidad de implementar medidas \u00abr\u00e1pidas\u00bb que respondan a las necesidades detectadas a muy corto plazo, pero que puedan ser enlazadas a posteriori con las <b>herramientas de gesti\u00f3n de la informaci\u00f3n<\/b> disponibles. Una vez cubiertas las necesidades a corto plazo, se est\u00e1 trabajando en la integraci\u00f3n de todo lo dise\u00f1ado con las fuentes de datos del departamento.<\/p>\n<p>El conocimiento que posee Ingartek en la gesti\u00f3n de dicha informaci\u00f3n as\u00ed como el uso de t\u00e9cnicas de <b>Big Data<\/b> (tratamiento de las bases de mon\u00e9tica y SAE) para el tratamiento de toda esa informaci\u00f3n ha resultado fundamental.<\/p>\n<p>Si quieres obtener m\u00e1s informaci\u00f3n sobre las t<b>\u00e9cnicas y las metodolog\u00edas aplicadas<\/b> en la <a href=\"https:\/\/www.ingartek.com\/es\/servicios\/\" target=\"_blank\" rel=\"noopener noreferrer\">gesti\u00f3n del transporte p\u00fablico<\/a> de Bizkaia durante el periodo de pandemia del Covid-19, contacta con <a href=\"https:\/\/www.ingartek.com\/es\/\" target=\"_blank\" rel=\"noopener noreferrer\">Ingartek <\/a>escribiendo a <a href=\"mailto:info@ingartek.com\">info@ingartek.com<\/a> o llamando al (+34) 946 55 62 23.<\/p>\n<p>&nbsp;<\/p>\n","protected":false},"excerpt":{"rendered":"<p>La gesti\u00f3n del transporte p\u00fablico ha sido uno de los puntos m\u00e1s significativos que ha tra\u00eddo el Covid-19 al sector de la movilidad y el transporte. La continua adecuaci\u00f3n de las medidas de seguridad ha obligado a los gestores y&#8230;<\/p>\n","protected":false},"author":7,"featured_media":0,"comment_status":"open","ping_status":"open","sticky":false,"template":"","format":"standard","meta":{"content-type":"","footnotes":""},"categories":[124],"tags":[311,693,695,694,271,692,697,264,604,170,696],"class_list":["post-20617","post","type-post","status-publish","format-standard","hentry","category-noticias","tag-big-data","tag-bizkaibus","tag-coronavirus","tag-covid-19","tag-diputacion-foral-de-bizkaia","tag-gestion-del-transporte-pubico","tag-herramientas-de-gestion","tag-movilidad-sostenible","tag-redes-de-transporte","tag-transporte-publico","tag-transporte-y-movilidad"],"_links":{"self":[{"href":"https:\/\/www.ingartek.com\/es\/wp-json\/wp\/v2\/posts\/20617","targetHints":{"allow":["GET"]}}],"collection":[{"href":"https:\/\/www.ingartek.com\/es\/wp-json\/wp\/v2\/posts"}],"about":[{"href":"https:\/\/www.ingartek.com\/es\/wp-json\/wp\/v2\/types\/post"}],"author":[{"embeddable":true,"href":"https:\/\/www.ingartek.com\/es\/wp-json\/wp\/v2\/users\/7"}],"replies":[{"embeddable":true,"href":"https:\/\/www.ingartek.com\/es\/wp-json\/wp\/v2\/comments?post=20617"}],"version-history":[{"count":0,"href":"https:\/\/www.ingartek.com\/es\/wp-json\/wp\/v2\/posts\/20617\/revisions"}],"wp:attachment":[{"href":"https:\/\/www.ingartek.com\/es\/wp-json\/wp\/v2\/media?parent=20617"}],"wp:term":[{"taxonomy":"category","embeddable":true,"href":"https:\/\/www.ingartek.com\/es\/wp-json\/wp\/v2\/categories?post=20617"},{"taxonomy":"post_tag","embeddable":true,"href":"https:\/\/www.ingartek.com\/es\/wp-json\/wp\/v2\/tags?post=20617"}],"curies":[{"name":"wp","href":"https:\/\/api.w.org\/{rel}","templated":true}]}}