{"id":20352,"date":"2019-10-28T10:38:41","date_gmt":"2019-10-28T08:38:41","guid":{"rendered":"https:\/\/www.ingartek.com\/?p=20352"},"modified":"2019-10-31T12:05:46","modified_gmt":"2019-10-31T10:05:46","slug":"celebra-con-nosotros-el-10-aniversario-de-ingartek","status":"publish","type":"post","link":"https:\/\/www.ingartek.com\/es\/celebra-con-nosotros-el-10-aniversario-de-ingartek\/","title":{"rendered":"Celebra con nosotros el 10 aniversario de Ingartek"},"content":{"rendered":"<p>Ya lo dijimos hace unas semanas: \u00a1En Ingartek estamos de celebraci\u00f3n! Cumplimos una d\u00e9cada, lo queremos celebrar con todos vosotros y vosotras, y no lo pod\u00edamos hacer de otra manera que no fuera en el \u00e1mbito de la <b>movilidad<\/b>.<\/p>\n<p>Desde Ingartek estamos organizando un <strong>evento<\/strong> con motivo de nuestro 10 aniversario, al cual t\u00fa tambi\u00e9n est\u00e1s invitado. Ser\u00e1 el 7 de noviembre, jueves, en el Palacio Euskalduna de Bilbao (sala 5H Terraza), a partir de las 11:00. \u00a1Celebra con nosotros el 10 aniversario de Ingartek!<\/p>\n<h4>\u00daltimas tendencias sobre movilidad<\/h4>\n<p>El acto estar\u00e1 dividido en dos partes, con una duraci\u00f3n de media jornada, donde podremos conocer y debatir, de la mano de expertos profesionales, sobre las \u00faltimas tendencias en lo que a movilidad se refiere, donde la <b>sostenibilidad <\/b>adquiere cada vez mayor peso.<\/p>\n<p>Este es el programa del evento:<\/p>\n<p><strong>11:00 &#8211; 13:00<\/strong> Experiencias sobre movilidad en grandes ciudades. Ponentes:<\/p>\n<ul>\n<li><strong>Ignacio Ur\u00eda.<\/strong><br \/>\nJefe de \u00c1rea de proyectos e infraestructuras Tecnol\u00f3gicas de la EMT de Madrid.<\/li>\n<li><strong>Luis Cerd\u00e1.<\/strong><br \/>\nDirector del Departamento de gesti\u00f3n de la movilidad del Ayuntamiento de Barcelona.<\/li>\n<li><strong>Carlos Crist\u00f3bal<\/strong>.<br \/>\nEx-Director de Planificaci\u00f3n y Relaciones Externas del Consorcio de Transportes de Madrid. Actualmente consultor para instituciones como el Banco Mundial o la UITP.<\/li>\n<\/ul>\n<p><strong>13:00 &#8211; 14:00<\/strong>\u00a0 Lunch<\/p>\n<p>Si ya has confirmado tu asistencia te esperamos el 7 de noviembre en el Palacio Euskalduna de Bilbao. Y si todav\u00eda est\u00e1s dudando\u2026 \u00a1An\u00edmate y celebra con nosotros el 10 aniversario de Ingartek!<\/p>\n<h4>Confirma tu asistencia<\/h4>\n<p>Para acudir al evento s\u00f3lo tienes que confirmar tu asistencia en el mensaje que habr\u00e1s recibido en tu correo el\u00e9ctronico. Y si no has recibido tu mensaje, <a href=\"https:\/\/www.ingartek.com\/es\/contacto\/\" target=\"_blank\" rel=\"noopener noreferrer\">escr\u00edbenos un mensaje<\/a> y te haremos llegar la invitaci\u00f3n.<\/p>\n<p>No te pierdas la ocasi\u00f3n de conocer y escuchar en primera persona las experiencias de los expertos en <b>movilidad urbana sostenible<\/b>. Tambi\u00e9n podr\u00e1s conocer en m\u00e1s profundidad en qu\u00e9 <a href=\"https:\/\/www.ingartek.com\/es\/proyectos-de-movilidad-y-transporte\/\" target=\"_blank\" rel=\"noopener noreferrer\">proyectos<\/a> trabajamos, con qu\u00e9 <a href=\"https:\/\/www.ingartek.com\/es\/productos\/\" target=\"_blank\" rel=\"noopener noreferrer\">herramientas<\/a> y cu\u00e1l es nuestro <a href=\"https:\/\/www.ingartek.com\/es\/quienes-somos\/#equipo\" target=\"_blank\" rel=\"noopener noreferrer\">equipo<\/a>.<\/p>\n<p>En Ingartek transformamos datos sobre <b>movilidad <\/b>en informaci\u00f3n que ayude al cliente a mejorar su servicio, reduciendo gastos y problemas y\u00a0 <b>optimizando su negocio<\/b>. Para ello, unimos modelos matem\u00e1ticos, sociolog\u00eda, tecnolog\u00eda e ingenier\u00eda. Trabajamos con canales directos para as\u00ed llegar al cliente de manera eficaz y ofrecer los mejores<a href=\"https:\/\/www.ingartek.com\/es\/servicios\/\" target=\"_blank\" rel=\"noopener noreferrer\"> servicios<\/a> del mercado.<\/p>\n<h4>\u00bfSabes qu\u00e9 nos hace diferentes?<\/h4>\n<p>Ayudamos a las ciudades, a su ciudadan\u00eda y a sus administraciones p\u00fablicas para aumentar la satisfacci\u00f3n con la <b>movilidad<\/b>, con el <b>transporte<\/b> y con la <b>accesibilidad<\/b> a los espacios urbanos. Queremos que el transporte y la movilidad sea eficaz en tiempo y coste y que sea <b>sostenible<\/b>.<\/p>\n<p>Y ese seguir\u00e1 siendo nuestro objetivo. Objetivo que pretendemos lograr junto a vosotros y vosotras. Tanto <b>clientes <\/b>como <b>colaboradores <\/b>sois los pilares fundamentales de Ingartek, por lo que tambi\u00e9n os hemos querido tener en cuenta en este efem\u00e9ride tan especial para nosotros.<\/p>\n<h3 style=\"text-align: center;\"><strong>\u00a1Os esperamos el 7 de noviembre en Bilbao!<\/strong><\/h3>\n","protected":false},"excerpt":{"rendered":"<p>Ya lo dijimos hace unas semanas: \u00a1En Ingartek estamos de celebraci\u00f3n! Cumplimos una d\u00e9cada, lo queremos celebrar con todos vosotros y vosotras, y no lo pod\u00edamos hacer de otra manera que no fuera en el \u00e1mbito de la movilidad. Desde&#8230;<\/p>\n","protected":false},"author":7,"featured_media":20362,"comment_status":"open","ping_status":"open","sticky":false,"template":"","format":"standard","meta":{"content-type":"","footnotes":""},"categories":[124],"tags":[639,268,600,643,602,387,641,644,388,642,153,263,264,640,169],"class_list":["post-20352","post","type-post","status-publish","format-standard","has-post-thumbnail","hentry","category-noticias","tag-10-aniversario","tag-accesibilidad","tag-accesibilidad-sostenible","tag-adria-gomila","tag-aniversario","tag-bilbao","tag-bilbo","tag-carlos-cristobal","tag-desarrollo-sostenible","tag-ignacio-uria","tag-ingartek","tag-movilidad","tag-movilidad-sostenible","tag-palacio-euskalduna","tag-transporte"],"_links":{"self":[{"href":"https:\/\/www.ingartek.com\/es\/wp-json\/wp\/v2\/posts\/20352","targetHints":{"allow":["GET"]}}],"collection":[{"href":"https:\/\/www.ingartek.com\/es\/wp-json\/wp\/v2\/posts"}],"about":[{"href":"https:\/\/www.ingartek.com\/es\/wp-json\/wp\/v2\/types\/post"}],"author":[{"embeddable":true,"href":"https:\/\/www.ingartek.com\/es\/wp-json\/wp\/v2\/users\/7"}],"replies":[{"embeddable":true,"href":"https:\/\/www.ingartek.com\/es\/wp-json\/wp\/v2\/comments?post=20352"}],"version-history":[{"count":0,"href":"https:\/\/www.ingartek.com\/es\/wp-json\/wp\/v2\/posts\/20352\/revisions"}],"wp:featuredmedia":[{"embeddable":true,"href":"https:\/\/www.ingartek.com\/es\/wp-json\/wp\/v2\/media\/20362"}],"wp:attachment":[{"href":"https:\/\/www.ingartek.com\/es\/wp-json\/wp\/v2\/media?parent=20352"}],"wp:term":[{"taxonomy":"category","embeddable":true,"href":"https:\/\/www.ingartek.com\/es\/wp-json\/wp\/v2\/categories?post=20352"},{"taxonomy":"post_tag","embeddable":true,"href":"https:\/\/www.ingartek.com\/es\/wp-json\/wp\/v2\/tags?post=20352"}],"curies":[{"name":"wp","href":"https:\/\/api.w.org\/{rel}","templated":true}]}}