{"id":20289,"date":"2019-09-20T08:00:23","date_gmt":"2019-09-20T06:00:23","guid":{"rendered":"https:\/\/www.ingartek.com\/?p=20289"},"modified":"2019-09-20T09:13:26","modified_gmt":"2019-09-20T07:13:26","slug":"ingartek-realizara-la-asistencia-tecnica-del-plan-de-accion-de-la-estrategia-de-accesibilidad-universal-de-la-capv","status":"publish","type":"post","link":"https:\/\/www.ingartek.com\/es\/ingartek-realizara-la-asistencia-tecnica-del-plan-de-accion-de-la-estrategia-de-accesibilidad-universal-de-la-capv\/","title":{"rendered":"Ingartek realizar\u00e1 la asistencia t\u00e9cnica del Plan de Acci\u00f3n de la Estrategia de Accesibilidad Universal de la CAPV"},"content":{"rendered":"<p><b>Ingartek<\/b> es la empresa encargada de <b>liderar<\/b> la asistencia t\u00e9cnica para redactar y poner en marcha el Plan de Acci\u00f3n basado en la Estrategia de Accesibilidad Universal de la CAPV, impulsado por el Gobierno Vasco.<\/p>\n<p>Tanto el Parlamento como el Gobierno Vasco han solicitado un <b>proyecto estrat\u00e9gico<\/b> que garantice el derecho a la <b>accesibilidad universal en la CAPV<\/b>, definiendo un nuevo concepto de accesibilidad que garantice a todas las personas el pleno acceso a todos los derechos y a todos los \u00e1mbitos de la vida. Establecido dicho proyecto estrat\u00e9gico, es necesario generar un <b>plan de acci\u00f3n<\/b> para la puesta en marcha del mismo.<\/p>\n<p>De este modo <b>Ingartek<\/b> (con la colaboraci\u00f3n de <b>pr4 tecnolog\u00eda social<\/b>), partiendo del diagn\u00f3stico realizado, de los objetivos marcados y de las l\u00edneas de actuaci\u00f3n establecidas, se encargar\u00e1 de proyectar las acciones concretas a llevar a cabo, sus plazos de actuaci\u00f3n, as\u00ed como la definici\u00f3n de los indicadores que se utilizar\u00e1n para realizar el seguimiento del mismo, entre otras tareas.<\/p>\n<h4><b>Metodolog\u00eda de trabajo<\/b><\/h4>\n<p>Para realizar estas tareas se confeccionar\u00e1n <b>grupos de trabajo<\/b> que reflexionen sobre los objetivos y l\u00edneas establecidas, aporten su conocimiento especializado, su experiencia y sus distintas visiones sobre una problem\u00e1tica tan amplia como es la accesibilidad.<\/p>\n<p>La coordinaci\u00f3n de esta reflexi\u00f3n de distintos agentes, tanto de instituciones como de la sociedad civil, ser\u00e1 plasmada en diferentes documentos de trabajo para, a partir de ah\u00ed, generar las acciones a realizar, los indicadores que medir\u00e1n el grado de avance de dichas acciones, etc.<\/p>\n<h4><b>Experiencia en redacci\u00f3n de planes de accesibilidad<\/b><\/h4>\n<p><a href=\"https:\/\/www.ingartek.com\/es\/\" target=\"_blank\" rel=\"noopener noreferrer\">Ingartek<\/a> cuenta con amplia experiencia en el \u00e1mbito de la accesibilidad. Ha redactado planes de accesibilidad para numerosos municipios de la CAPV, tales como Basauri, Hondarribia, Orozko, <a href=\"https:\/\/www.ingartek.com\/es\/proyecto\/actualizacion-del-plan-de-accesibilidad-del-municipio-de-lasarte-oria\/\" target=\"_blank\" rel=\"noopener noreferrer\">Lasarte-Oria<\/a> o <a href=\"https:\/\/www.ingartek.com\/es\/proyecto\/plan-de-accesibilidad-y-movilidad-del-municipio-de-ea-lan-de-accesibilidad-y-movilidad-del-municipio-de-ea\/\" target=\"_blank\" rel=\"noopener noreferrer\">EA<\/a>, entre otros. Tambi\u00e9n a ejecutado el an\u00e1lisis de accesibilidad de los Barrios Altos de Bilbao o el <a href=\"https:\/\/www.ingartek.com\/es\/proyecto\/plan-director-de-movilidad-vertical-de-san-sebastian\/\" target=\"_blank\" rel=\"noopener noreferrer\">Plan Director de Movilidad Vertical de San Sebasti\u00e1n<\/a>.<\/p>\n<p>Cuenta para ello con un amplio <a href=\"https:\/\/www.ingartek.com\/es\/quienes-somos\/#equipo\" target=\"_blank\" rel=\"noopener noreferrer\">equipo<\/a> de expertos en diferentes \u00e1reas y con amplia experiencia en <a href=\"https:\/\/www.ingartek.com\/es\/planificacion-urbana\/\" target=\"_blank\" rel=\"noopener noreferrer\">planificaci\u00f3n urbana<\/a>.<\/p>\n<p>Desde Ingartek tambi\u00e9n te podemos asesorar y ayudar a redactar el plan de accesibilidad de tu municipio. Recuerda que el Gobierno Vasco ya ha abierto el plazo para solicitar las <a href=\"https:\/\/www.ingartek.com\/es\/subvenciones-para-planes-de-accesibilidad-2\/\" target=\"_blank\" rel=\"noopener noreferrer\">subvenciones<\/a> para la <b>elaboraci\u00f3n o actualizaci\u00f3n de planes de accesibilidad. <\/b>El Gobierno Vasco subvencionar\u00e1 hasta el 75% la redacci\u00f3n de los planes de accesibilidad municipales.<\/p>\n<p>Si quieres m\u00e1s informaci\u00f3n sobre planes de accesibilidad, sobre c\u00f3mo te podemos ayudar, ponte en <a href=\"https:\/\/www.ingartek.com\/es\/contacto\/\" target=\"_blank\" rel=\"noopener noreferrer\">contacto<\/a> con nosotros: <strong>info@ingartek.com \/ 946 55 62 23<\/strong>.<\/p>\n<p>&nbsp;<\/p>\n","protected":false},"excerpt":{"rendered":"<p>Ingartek es la empresa encargada de liderar la asistencia t\u00e9cnica para redactar y poner en marcha el Plan de Acci\u00f3n basado en la Estrategia de Accesibilidad Universal de la CAPV, impulsado por el Gobierno Vasco. Tanto el Parlamento como el&#8230;<\/p>\n","protected":false},"author":7,"featured_media":20221,"comment_status":"open","ping_status":"open","sticky":false,"template":"","format":"standard","meta":{"content-type":"","footnotes":""},"categories":[124],"tags":[268,600,432,618,418,610,619,258,620,617,417,402,621],"class_list":["post-20289","post","type-post","status-publish","format-standard","has-post-thumbnail","hentry","category-noticias","tag-accesibilidad","tag-accesibilidad-sostenible","tag-accesibilidad-universal","tag-basauri","tag-ea","tag-gobierno-vasco","tag-hondarribia","tag-lasarte-oria","tag-orozko","tag-plan-director-de-movilidad-vertical-de-san-sebastian","tag-planes-de-accesibilidad","tag-planificacion-urbana","tag-subvenciones"],"_links":{"self":[{"href":"https:\/\/www.ingartek.com\/es\/wp-json\/wp\/v2\/posts\/20289","targetHints":{"allow":["GET"]}}],"collection":[{"href":"https:\/\/www.ingartek.com\/es\/wp-json\/wp\/v2\/posts"}],"about":[{"href":"https:\/\/www.ingartek.com\/es\/wp-json\/wp\/v2\/types\/post"}],"author":[{"embeddable":true,"href":"https:\/\/www.ingartek.com\/es\/wp-json\/wp\/v2\/users\/7"}],"replies":[{"embeddable":true,"href":"https:\/\/www.ingartek.com\/es\/wp-json\/wp\/v2\/comments?post=20289"}],"version-history":[{"count":0,"href":"https:\/\/www.ingartek.com\/es\/wp-json\/wp\/v2\/posts\/20289\/revisions"}],"wp:featuredmedia":[{"embeddable":true,"href":"https:\/\/www.ingartek.com\/es\/wp-json\/wp\/v2\/media\/20221"}],"wp:attachment":[{"href":"https:\/\/www.ingartek.com\/es\/wp-json\/wp\/v2\/media?parent=20289"}],"wp:term":[{"taxonomy":"category","embeddable":true,"href":"https:\/\/www.ingartek.com\/es\/wp-json\/wp\/v2\/categories?post=20289"},{"taxonomy":"post_tag","embeddable":true,"href":"https:\/\/www.ingartek.com\/es\/wp-json\/wp\/v2\/tags?post=20289"}],"curies":[{"name":"wp","href":"https:\/\/api.w.org\/{rel}","templated":true}]}}