{"id":20212,"date":"2019-07-29T08:00:31","date_gmt":"2019-07-29T06:00:31","guid":{"rendered":"https:\/\/www.ingartek.com\/?p=20212"},"modified":"2019-07-29T08:56:44","modified_gmt":"2019-07-29T06:56:44","slug":"estamos-de-celebracion-ingartek-cumple-10-anos","status":"publish","type":"post","link":"https:\/\/www.ingartek.com\/es\/estamos-de-celebracion-ingartek-cumple-10-anos\/","title":{"rendered":"\u00a1Estamos de celebraci\u00f3n! Ingartek cumple 10 a\u00f1os"},"content":{"rendered":"<p>En Ingartek estamos de celebraci\u00f3n. Y no es para menos. \u00a1Cumplimos 10 a\u00f1os! Hace ya una d\u00e9cada desde que los primeros miembros de <b>Ingartek <\/b>comenzamos nuestra andadura. A lo largo de estos diez a\u00f1os hemos visto de primera mano c\u00f3mo han cambiado las ciudades y los municipios, c\u00f3mo han crecido y evolucionado.<\/p>\n<p>En <a href=\"https:\/\/www.ingartek.com\/es\/\" target=\"_blank\" rel=\"noopener noreferrer\">Ingartek<\/a> tambi\u00e9n ha habido cambios, pero lo que s\u00ed se mantienen firmes son nuestra <b>misi\u00f3n, visi\u00f3n y valores<\/b>, mejorando constantemente y adapt\u00e1ndonos a las novedades del mercado.<\/p>\n<p>Hemos ido ampliando el <a href=\"https:\/\/www.ingartek.com\/es\/quienes-somos\/#equipo\" target=\"_blank\" rel=\"noopener noreferrer\">equipo<\/a>, sumando talento, y a d\u00eda de hoy somos dieciocho obsesos de la <b>movilidad inteligente<\/b>. Porque en Ingartek <b>nos mueve el deseo de un mundo que facilita la movilidad de la ciudadan\u00eda en sus desplazamientos<\/b>.<\/p>\n<p>En Ingartek transformamos datos sobre <b>movilidad <\/b>en informaci\u00f3n que ayude al cliente a mejorar su servicio, reduciendo gastos y problemas y a <b>optimizando su negocio<\/b>. Para ello, unimos modelos matem\u00e1ticos, sociolog\u00eda, tecnolog\u00eda e ingenier\u00eda. Trabajamos con canales directos para as\u00ed llegar al cliente de manera eficaz y ofrecer los mejores <a href=\"https:\/\/www.ingartek.com\/es\/servicios\/\" target=\"_blank\" rel=\"noopener noreferrer\">servicios<\/a> del mercado.<\/p>\n<h4><b>Movilidad, transporte y accesibilidad<\/b><\/h4>\n<p>Ayudamos a las ciudades, a su ciudadan\u00eda y a sus administraciones p\u00fablicas para aumentar la satisfacci\u00f3n con la <b>movilidad<\/b>, con el <b>transporte<\/b> y con la <b>accesibilidad<\/b> a los espacios urbanos. Queremos que el transporte y la movilidad sea eficaz en tiempo y coste y que sea <b>sostenible<\/b>.<\/p>\n<p>Y ese seguir\u00e1 siendo nuestro objetivo. Objetivo que pretendemos lograr junto a vosotros y vosotras. Tanto <b>clientes <\/b>como <b>colaboradores <\/b>sois uno de los pilares fundamentales de Ingartek, por lo que tambi\u00e9n os tendremos en cuenta en este efem\u00e9ride tan especial para nosotros.<\/p>\n<p>En breve os informaremos m\u00e1s sobre el<b> acto de celebraci\u00f3n<\/b> que estamos organizando para despu\u00e9s del verano. Pero os adelantamos que&#8230; <b>\u00a1est\u00e1is invitados!\u00a0<\/b><\/p>\n<p>Mientras tanto, <b>GRACIAS <\/b>a todas y todos nuestros clientes por la confianza que hab\u00e9is depositado en Ingartek durante estos diez a\u00f1os. Os aseguramos que seguiremos ofreciendo las mejores soluciones en materia de movilidad.<\/p>\n<p>&nbsp;<\/p>\n","protected":false},"excerpt":{"rendered":"<p>En Ingartek estamos de celebraci\u00f3n. Y no es para menos. \u00a1Cumplimos 10 a\u00f1os! Hace ya una d\u00e9cada desde que los primeros miembros de Ingartek comenzamos nuestra andadura. A lo largo de estos diez a\u00f1os hemos visto de primera mano c\u00f3mo&#8230;<\/p>\n","protected":false},"author":7,"featured_media":20221,"comment_status":"open","ping_status":"open","sticky":false,"template":"","format":"standard","meta":{"content-type":"","footnotes":""},"categories":[124],"tags":[601,268,602,153,176,263,603,169],"class_list":["post-20212","post","type-post","status-publish","format-standard","has-post-thumbnail","hentry","category-noticias","tag-10-anos","tag-accesibilidad","tag-aniversario","tag-ingartek","tag-ingartek-consulting","tag-movilidad","tag-movilidad-inteligente","tag-transporte"],"_links":{"self":[{"href":"https:\/\/www.ingartek.com\/es\/wp-json\/wp\/v2\/posts\/20212","targetHints":{"allow":["GET"]}}],"collection":[{"href":"https:\/\/www.ingartek.com\/es\/wp-json\/wp\/v2\/posts"}],"about":[{"href":"https:\/\/www.ingartek.com\/es\/wp-json\/wp\/v2\/types\/post"}],"author":[{"embeddable":true,"href":"https:\/\/www.ingartek.com\/es\/wp-json\/wp\/v2\/users\/7"}],"replies":[{"embeddable":true,"href":"https:\/\/www.ingartek.com\/es\/wp-json\/wp\/v2\/comments?post=20212"}],"version-history":[{"count":0,"href":"https:\/\/www.ingartek.com\/es\/wp-json\/wp\/v2\/posts\/20212\/revisions"}],"wp:featuredmedia":[{"embeddable":true,"href":"https:\/\/www.ingartek.com\/es\/wp-json\/wp\/v2\/media\/20221"}],"wp:attachment":[{"href":"https:\/\/www.ingartek.com\/es\/wp-json\/wp\/v2\/media?parent=20212"}],"wp:term":[{"taxonomy":"category","embeddable":true,"href":"https:\/\/www.ingartek.com\/es\/wp-json\/wp\/v2\/categories?post=20212"},{"taxonomy":"post_tag","embeddable":true,"href":"https:\/\/www.ingartek.com\/es\/wp-json\/wp\/v2\/tags?post=20212"}],"curies":[{"name":"wp","href":"https:\/\/api.w.org\/{rel}","templated":true}]}}