{"id":19752,"date":"2019-03-28T12:16:51","date_gmt":"2019-03-28T10:16:51","guid":{"rendered":"https:\/\/www.ingartek.com\/?p=19752"},"modified":"2022-11-29T17:33:47","modified_gmt":"2022-11-29T16:33:47","slug":"ingartek-estara-en-el-congreso-its-espana","status":"publish","type":"post","link":"https:\/\/www.ingartek.com\/es\/ingartek-estara-en-el-congreso-its-espana\/","title":{"rendered":"Ingartek estar\u00e1 en el Congreso ITS Espa\u00f1a"},"content":{"rendered":"<p>Ingartek estar\u00e1 en el congreso ITS Espa\u00f1a del 1 al 3 de abril. En el XIX. Congreso Espa\u00f1ol sobre Sistemas Inteligentes de Transporte <strong>ITS <\/strong>se tratar\u00e1n temas como sistemas corporativos, datos abiertos, ITS y Smart Cities y nuevas fuentes de datos de tr\u00e1fico.<\/p>\n<p>El congreso se celebrar\u00e1 con el mismo objetivo que las ediciones anteriores: favorecer el intercambio de conocimientos y experiencias entre todas las empresas e instituciones dedicadas al desarrollo, promoci\u00f3n y despliegue de los <b>Sistemas Inteligentes de Transporte<\/b>. El congreso reunir\u00e1 a m\u00e1s de 400 participantes y 125 entidades. Adem\u00e1s habr\u00e1 m\u00e1s de 15 sesiones t\u00e9cnicas sobre infraestructuras inteligentes, conducci\u00f3n aut\u00f3noma, log\u00edstica, gesti\u00f3n del tr\u00e1fico o veh\u00edculo conectado, por ejemplo.<\/p>\n<p>Entre los ponentes que participar\u00e1n estar\u00e1 <b>Isidro Arrieta<\/b>, MBA &amp;\u00a0Ingeniero en Electr\u00f3nica y Telecomunicaciones y cofundador de <a href=\"https:\/\/www.ingartek.com\/es\/\" target=\"_blank\" rel=\"noopener\">Ingartek Consulting<\/a>. Arrieta explicar\u00e1 la experiencia de Ingartek sobre nuevas fuentes de datos para el <b>an\u00e1lisis y la planificaci\u00f3n de la movilidad<\/b>. La conferencia \u201cNuevas fuentes de datos para el an\u00e1lisis y la planificaci\u00f3n de una movilidad m\u00e1s sostenible: Utilidad, alcance y limitaciones\u201d de Arrieta ser\u00e1 el martes, 2 de abril, a las 18:00.<\/p>\n<p>En los \u00faltimos a\u00f1os se ha dado un gran <a href=\"https:\/\/www.ingartek.com\/es\/asistencia-tecnica-y-desarrollo-tecnologico\/\" target=\"_blank\" rel=\"noopener\">avance tecnol\u00f3gico<\/a> en lo referente a la captura de datos y su utilizaci\u00f3n en los modelos de transporte. Las nuevas fuentes de datos ofrecen una mayor granularidad temporal y espacial, son m\u00e1s precisas y por tanto simplifican algunas de las etapas de los modelos tradicionales de planificaci\u00f3n. Desde Ingartek, Arrieta presentar\u00e1 tres casos pr\u00e1cticos en los que se han aplicado estas nuevas fuentes de datos: <strong>Datos de telefon\u00eda m\u00f3vil<\/strong> para mejorar la precisi\u00f3n de la planificaci\u00f3n, datos de <strong>floating car data<\/strong> para la generaci\u00f3n de servicios en tiempo real para el veh\u00edculo y el usuario conectado y, por \u00faltimo, datos adquiridos del FMS de los <strong>veh\u00edculos de transporte p\u00fablico<\/strong> para la conseguir una conducci\u00f3n m\u00e1s eficiente.<\/p>\n<p>La r\u00e1pida evoluci\u00f3n de los sistemas cooperativos, la apuesta por la conducci\u00f3n aut\u00f3noma, la creciente utilizaci\u00f3n del Big Data, la continua mejora de los sistemas de informaci\u00f3n en el transporte p\u00fablico, la aportaci\u00f3n de los ITS a las Smart Cities y las iniciativas sobre movilidad como servicio ser\u00e1n algunos de los temas que se tratar\u00e1n en el Congreso ITS Espa\u00f1a.<\/p>\n","protected":false},"excerpt":{"rendered":"<p>Ingartek estar\u00e1 en el congreso ITS Espa\u00f1a del 1 al 3 de abril. En el XIX. Congreso Espa\u00f1ol sobre Sistemas Inteligentes de Transporte ITS se tratar\u00e1n temas como sistemas corporativos, datos abiertos, ITS y Smart Cities y nuevas fuentes de&#8230;<\/p>\n","protected":false},"author":7,"featured_media":0,"comment_status":"open","ping_status":"open","sticky":false,"template":"","format":"standard","meta":{"content-type":"","footnotes":""},"categories":[124],"tags":[412,405,409,180,411,176,406,408,407,410],"class_list":["post-19752","post","type-post","status-publish","format-standard","hentry","category-noticias","tag-analisis-y-la-planificacion-de-la-movilidad","tag-congreso-its-espana","tag-datos-abiertos","tag-desarrollo-tecnologico","tag-fuentes-de-datos-de-trafico","tag-ingartek-consulting","tag-its","tag-sistemas-corporativos","tag-sistemas-inteligentes-de-transporte","tag-smart-cities"],"_links":{"self":[{"href":"https:\/\/www.ingartek.com\/es\/wp-json\/wp\/v2\/posts\/19752","targetHints":{"allow":["GET"]}}],"collection":[{"href":"https:\/\/www.ingartek.com\/es\/wp-json\/wp\/v2\/posts"}],"about":[{"href":"https:\/\/www.ingartek.com\/es\/wp-json\/wp\/v2\/types\/post"}],"author":[{"embeddable":true,"href":"https:\/\/www.ingartek.com\/es\/wp-json\/wp\/v2\/users\/7"}],"replies":[{"embeddable":true,"href":"https:\/\/www.ingartek.com\/es\/wp-json\/wp\/v2\/comments?post=19752"}],"version-history":[{"count":0,"href":"https:\/\/www.ingartek.com\/es\/wp-json\/wp\/v2\/posts\/19752\/revisions"}],"wp:attachment":[{"href":"https:\/\/www.ingartek.com\/es\/wp-json\/wp\/v2\/media?parent=19752"}],"wp:term":[{"taxonomy":"category","embeddable":true,"href":"https:\/\/www.ingartek.com\/es\/wp-json\/wp\/v2\/categories?post=19752"},{"taxonomy":"post_tag","embeddable":true,"href":"https:\/\/www.ingartek.com\/es\/wp-json\/wp\/v2\/tags?post=19752"}],"curies":[{"name":"wp","href":"https:\/\/api.w.org\/{rel}","templated":true}]}}