{"id":19590,"date":"2018-11-07T09:00:44","date_gmt":"2018-11-07T07:00:44","guid":{"rendered":"https:\/\/www.ingartek.com\/?p=19590"},"modified":"2023-12-14T09:35:56","modified_gmt":"2023-12-14T08:35:56","slug":"ordenacion-y-rehabilitacion-urbana-de-las-palmas-de-gran-canaria","status":"publish","type":"post","link":"https:\/\/www.ingartek.com\/es\/ordenacion-y-rehabilitacion-urbana-de-las-palmas-de-gran-canaria\/","title":{"rendered":"Ordenaci\u00f3n y rehabilitaci\u00f3n urbana de Las Palmas de Gran Canaria"},"content":{"rendered":"<p>Desde el pasado 13 de noviembre hasta el 14 de diciembre de 2018, el \u00c1rea de Urbanismo y Vivienda del Ayuntamiento de Las Palmas de Gran Canaria ha desarrollado unas jornadas abiertas en las que han podido participar tanto expertos de primer nivel como los vecinos de la zona. El tema abordado ha sido <b>la ordenaci\u00f3n y rehabilitaci\u00f3n urbana de Las Palmas de Gran Canaria en cuanto a los riscos. <\/b><\/p>\n<p><b>\u00bf<\/b><b>Que incluye la ordenaci\u00f3n y rehabilitaci\u00f3n urbana de Las Palmas de Gran Canaria sobre los riscos? <\/b><\/p>\n<p>Ahora el Ayuntamiento de Las Palmas de Gran Canaria ha mostrado las conclusiones de esas jornadas. Se ha extra\u00eddo que <b>los vecinos quieren mejor la accesibilidad urbana, para crear nuevos espacios p\u00fablicos y para renovar los servicios b\u00e1sicos. <\/b><\/p>\n<p>El Consistorio comenta que tiene la intenci\u00f3n de incluir todos estos puntos cuando llegue el momento de la ordenaci\u00f3n y rehabilitaci\u00f3n urbana de Las Palmas de Gran Canaria en todo lo que tiene que ver con los riscos.<\/p>\n<p>El concejal de Urbanismo, Javier Doreste, coment\u00f3 los puntos que acabamos de mencionar. Lo hizo durante la presentaci\u00f3n del informe de las jornadas que tuvieron lugar las \u00faltimas semanas de 2018, llamadas Barrios Pendientes.<\/p>\n<p>Adem\u00e1s de lo comentado, dentro de la planificaci\u00f3n urbana de los riscos se quiere que estos se integren dentro de la ciudad, que se mejore la calidad medioambiental y tambi\u00e9n recuperar el patrimonio cultural y natural de los barrios.<\/p>\n<p>Se ha destacado<b> lo importante que resulta que los vecinos se impliquen en cualquier estrategia de regeneraci\u00f3n urbana desarrollada en sus propios barrios<\/b>. Sin olvidar que las instituciones deben actuar con mayor celeridad a la hora de solucionar cualquier tipo de problema o de necesidad que tengan los vecinos.<\/p>\n<p>Cuando se concluyan ciertos estudios que hay que llevar a cabo <b>se dise\u00f1ar\u00e1n los planes urban\u00edsticos para rehabilitar los riscos.<\/b> En las jornadas mencionadas participaron la arquitecta Elsa Guerra, del estudio de arquitectura Anca, <a href=\"https:\/\/www.ingartek.com\/es\/quienes-somos\/#equipo\" target=\"_blank\" rel=\"noopener\">Sergio Barre\u00f1a<\/a>, soci\u00f3logo de la consultora especializada en <a href=\"https:\/\/www.ingartek.com\/es\/planes-estrategicos-de-movilidad-y-transporte\/\" target=\"_blank\" rel=\"noopener\">movilidad urbana<\/a> y movilidad vertical <a href=\"https:\/\/www.ingartek.com\/es\/\" target=\"_blank\" rel=\"noopener\">Ingartek<\/a>, Rub\u00e9n Lois Gonz\u00e1lez, catedr\u00e1tico en Geograf\u00eda por la Universidad de Santiago de Compostela y Mar\u00eda Jos\u00e9 Pi\u00f1eira Marti\u00f1\u00e1n, doctora en Geograf\u00eda por la Universidad de Santiago de Compostela.<\/p>\n<p>Se seguir\u00e1 evaluando la ordenaci\u00f3n y rehabilitaci\u00f3n urbana de Las Palmas de Gran Canaria en cuanto al futuro de los riscos.<\/p>\n<p>&nbsp;<\/p>\n<p>Noticias relacionadas:<\/p>\n<ul>\n<li>\u201cLa rehabilitaci\u00f3n de los riscos se somete a debate\u201d (<a href=\"https:\/\/www.laprovincia.es\/las-palmas\/2018\/11\/07\/debate-rehabilitacion-riscos\/1115056.html\" target=\"_blank\" rel=\"noopener nofollow\">laprovincia.es<\/a>)<\/li>\n<li>\u201cEl Ayuntamiento presenta las conclusiones del diagn\u00f3stico elaborado con los vecinos de rehabilitaci\u00f3n de los riscos de la ciudad\u201d (<a href=\"https:\/\/www.que.es\/ciudades\/canarias\/las-palmas-dem-g-c-el-ayuntamiento-presenta-las-conclusiones-del-diagnostico-elaborado-con-los-vecinos-de-rehabilitacion-de-los-riscos-de-la-ciudad.html\" target=\"_blank\" rel=\"noopener nofollow\">que.es<\/a>)<\/li>\n<\/ul>\n<p>&nbsp;<\/p>\n<p>&nbsp;<\/p>\n","protected":false},"excerpt":{"rendered":"<p>Desde el pasado 13 de noviembre hasta el 14 de diciembre de 2018, el \u00c1rea de Urbanismo y Vivienda del Ayuntamiento de Las Palmas de Gran Canaria ha desarrollado unas jornadas abiertas en las que han podido participar tanto expertos&#8230;<\/p>\n","protected":false},"author":7,"featured_media":0,"comment_status":"open","ping_status":"open","sticky":false,"template":"","format":"standard","meta":{"content-type":"","footnotes":""},"categories":[124],"tags":[403,153,176,401,385,265,402,404],"class_list":["post-19590","post","type-post","status-publish","format-standard","hentry","category-noticias","tag-accesibilidad-urbana","tag-ingartek","tag-ingartek-consulting","tag-las-palmas-de-gran-canaria","tag-movilidad-urbana","tag-movilidad-vertical","tag-planificacion-urbana","tag-regeneracion-urbana"],"_links":{"self":[{"href":"https:\/\/www.ingartek.com\/es\/wp-json\/wp\/v2\/posts\/19590","targetHints":{"allow":["GET"]}}],"collection":[{"href":"https:\/\/www.ingartek.com\/es\/wp-json\/wp\/v2\/posts"}],"about":[{"href":"https:\/\/www.ingartek.com\/es\/wp-json\/wp\/v2\/types\/post"}],"author":[{"embeddable":true,"href":"https:\/\/www.ingartek.com\/es\/wp-json\/wp\/v2\/users\/7"}],"replies":[{"embeddable":true,"href":"https:\/\/www.ingartek.com\/es\/wp-json\/wp\/v2\/comments?post=19590"}],"version-history":[{"count":0,"href":"https:\/\/www.ingartek.com\/es\/wp-json\/wp\/v2\/posts\/19590\/revisions"}],"wp:attachment":[{"href":"https:\/\/www.ingartek.com\/es\/wp-json\/wp\/v2\/media?parent=19590"}],"wp:term":[{"taxonomy":"category","embeddable":true,"href":"https:\/\/www.ingartek.com\/es\/wp-json\/wp\/v2\/categories?post=19590"},{"taxonomy":"post_tag","embeddable":true,"href":"https:\/\/www.ingartek.com\/es\/wp-json\/wp\/v2\/tags?post=19590"}],"curies":[{"name":"wp","href":"https:\/\/api.w.org\/{rel}","templated":true}]}}