{"id":19459,"date":"2019-02-15T13:13:57","date_gmt":"2019-02-15T11:13:57","guid":{"rendered":"https:\/\/www.ingartek.com\/?p=19459"},"modified":"2019-02-15T14:15:29","modified_gmt":"2019-02-15T12:15:29","slug":"ingartek-participara-en-el-evento-sum-bio19-de-bilbao","status":"publish","type":"post","link":"https:\/\/www.ingartek.com\/es\/ingartek-participara-en-el-evento-sum-bio19-de-bilbao\/","title":{"rendered":"Ingartek participar\u00e1 en el evento SUM BIO\u201919 de Bilbao"},"content":{"rendered":"<p>Ingartek participar\u00e1 la pr\u00f3xima semana en el evento <em><strong>SUM BIO\u201919<\/strong> <\/em>que se celebrar\u00e1 en Bilbao. Es la primera edici\u00f3n de un evento internacional que nace con el objetivo de liderar la reflexi\u00f3n global sobre el futuro de la movilidad y su impacto en el logro de los Objetivos de <strong>Desarrollo Sostenible<\/strong> (ODS) en las ciudades del siglo XXI.<\/p>\n<p>M\u00e1s de 40 ponentes de diferentes sectores debatir\u00e1n en SUM BIO\u201919 sobre distintos aspectos estrat\u00e9gicos para construir y consolidar sistemas de <a href=\"https:\/\/www.ingartek.com\/es\/estudios-de-movilidad-y-trafico\/\" target=\"_blank\" rel=\"noopener\">movilidad urbana sostenibles<\/a>, en torno a tres ejes tem\u00e1ticos: pol\u00edticas p\u00fablicas, tecnolog\u00eda e innovaci\u00f3n y oportunidades para el desarrollo. El <a href=\"https:\/\/sumbilbao19.com\/\" target=\"_blank\" rel=\"noopener nofollow\">evento<\/a> ser\u00e1 en el palacio Euskalduna, el 20 y 21 de febrero.<\/p>\n<p>Entre los ponentes estar\u00e1 <strong>Isidro Arrieta<\/strong>, MBA &amp;\u00a0Ingeniero en Electr\u00f3nica y Telecomunicaciones y cofundador de <a href=\"https:\/\/www.ingartek.com\/es\/\" target=\"_blank\" rel=\"noopener\">Ingartek Consulting<\/a>. Arrieta explicar\u00e1 la experiencia de Ingartek sobre nuevas fuentes de datos para el <strong>an\u00e1lisis y la planificaci\u00f3n de la movilidad<\/strong>.<\/p>\n<p>El <a href=\"https:\/\/www.ingartek.com\/es\/asistencia-tecnica-y-desarrollo-tecnologico\/\" target=\"_blank\" rel=\"noopener\">desarrollo tecnol\u00f3gico<\/a> ha facilitado obtener informaci\u00f3n actualizada de manera peri\u00f3dica y de forma m\u00e1s sencilla, lo que ha tra\u00eddo cambios a dichos procesos de planificaci\u00f3n. Sin embargo, estas fuentes de datos tienen tambi\u00e9n sus limitaciones, por lo que Arrieta reflexionar\u00e1 sobre el valor y la utilidad que hay que atribuir a cada una de las fuentes.<\/p>\n<p>Expertos en <strong>movilidad y transporte<\/strong> urbano, periodistas, profesionales del sector educativo, pol\u00edticos locales, nacionales e internacionales, y directivos de diferentes empresas se dar\u00e1n cita el pr\u00f3ximo mi\u00e9rcoles y el jueves en el evento SUM BIO\u201919 de Bilbao.<\/p>\n<p>Todos ellos mostrar\u00e1n su experiencia sobre el impacto ambiental, social, pol\u00edtico y econ\u00f3mico que trae consigo la movilidad, explicando las medidas que est\u00e1n llevando a las ciudades a los territorios a acelerar la <strong>transici\u00f3n<\/strong> hacia modelos m\u00e1s eficientes, sostenibles, y basados en el uso de nuevas energ\u00edas.<\/p>\n<p>La movilidad sostenible es un factor clave en la aparici\u00f3n de nuevas oportunidades de desarrollo social y econ\u00f3mico en los <strong>entornos urbanos<\/strong>. No solo por su innegable contribuci\u00f3n en la construcci\u00f3n de ciudades inclusivas, seguras, resilientes y sostenibles; tambi\u00e9n por su capacidad de activar diversos sectores econ\u00f3micos a trav\u00e9s de la demanda de nuevos bienes y servicios, cuya producci\u00f3n e implementaci\u00f3n genera un efecto multiplicador en el desarrollo.<\/p>\n","protected":false},"excerpt":{"rendered":"<p>Ingartek participar\u00e1 la pr\u00f3xima semana en el evento SUM BIO\u201919 que se celebrar\u00e1 en Bilbao. Es la primera edici\u00f3n de un evento internacional que nace con el objetivo de liderar la reflexi\u00f3n global sobre el futuro de la movilidad y&#8230;<\/p>\n","protected":false},"author":7,"featured_media":0,"comment_status":"open","ping_status":"open","sticky":false,"template":"","format":"standard","meta":{"content-type":"","footnotes":""},"categories":[124],"tags":[387,388,386,153,272,263,385,384,169],"class_list":["post-19459","post","type-post","status-publish","format-standard","hentry","category-noticias","tag-bilbao","tag-desarrollo-sostenible","tag-evento","tag-ingartek","tag-isidro-arrieta","tag-movilidad","tag-movilidad-urbana","tag-sum-bio19","tag-transporte"],"_links":{"self":[{"href":"https:\/\/www.ingartek.com\/es\/wp-json\/wp\/v2\/posts\/19459","targetHints":{"allow":["GET"]}}],"collection":[{"href":"https:\/\/www.ingartek.com\/es\/wp-json\/wp\/v2\/posts"}],"about":[{"href":"https:\/\/www.ingartek.com\/es\/wp-json\/wp\/v2\/types\/post"}],"author":[{"embeddable":true,"href":"https:\/\/www.ingartek.com\/es\/wp-json\/wp\/v2\/users\/7"}],"replies":[{"embeddable":true,"href":"https:\/\/www.ingartek.com\/es\/wp-json\/wp\/v2\/comments?post=19459"}],"version-history":[{"count":0,"href":"https:\/\/www.ingartek.com\/es\/wp-json\/wp\/v2\/posts\/19459\/revisions"}],"wp:attachment":[{"href":"https:\/\/www.ingartek.com\/es\/wp-json\/wp\/v2\/media?parent=19459"}],"wp:term":[{"taxonomy":"category","embeddable":true,"href":"https:\/\/www.ingartek.com\/es\/wp-json\/wp\/v2\/categories?post=19459"},{"taxonomy":"post_tag","embeddable":true,"href":"https:\/\/www.ingartek.com\/es\/wp-json\/wp\/v2\/tags?post=19459"}],"curies":[{"name":"wp","href":"https:\/\/api.w.org\/{rel}","templated":true}]}}