{"id":25923,"date":"2023-01-11T10:34:00","date_gmt":"2023-01-11T09:34:00","guid":{"rendered":"https:\/\/www.ingartek.com\/zona-de-bajas-emisiones-en-barcelona\/"},"modified":"2023-02-28T18:48:15","modified_gmt":"2023-02-28T17:48:15","slug":"low-emissions-zone-in-barcelona","status":"publish","type":"post","link":"https:\/\/www.ingartek.com\/en\/low-emissions-zone-in-barcelona\/","title":{"rendered":"Low emissions zone in barcelona"},"content":{"rendered":"<p>We are increasingly aware of how important it is to take care of the environment. All actions count, but without a doubt those of the authorities are the ones that have the most value. Cities are taking more and more measures to avoid pollution and at Ingartek, as experts in <a href=\"https:\/\/www.ingartek.com\/en\/strategic-mobility-and-transport-plans\/\" target=\"_blank\" rel=\"noopener\">mobility<\/a>, we want to show you which towns are included in the <b>Barcelona<\/b> <a href=\"https:\/\/www.ingartek.com\/es\/zonas-de-bajas-emisiones\/\" target=\"_blank\" rel=\"noopener\">low emission zone.<\/a><\/p>\n<p><b>WHAT IS THE BARCELONA LOW EMISSION ZONE?<\/b><\/p>\n<p><b>The Barcelona low emission zone is those areas of the city where the most polluting vehicles cannot enter.<\/b> They are the cars that do not have the environmental badge of the General Directorate of Traffic, DGT. If they do, they risk receiving a fine.<\/p>\n<p><b>WHAT AREAS DOES THE BARCELONA LOW EMISSIONS ZONE INCLUDE?<\/b><\/p>\n<p>For now, the <b>low emission zones of Barcelona<\/b> affect Barcelona, \u200b\u200bL&#8217;Hospitalet de Llobregat, Sant Adri\u00e0 de Bes\u00f2s, a part of Esplugues de Llobregat and Cornell\u00e0 de Llobregat.<\/p>\n<p><b>LOW EMISSIONS ZONE UNTIL WHEN WILL THE CURRENT CONTINUE?<\/b><\/p>\n<p>By 2025, it is expected that <b>new municipalities<\/b> will be included and that <b>it will affect 67<\/b> populations, these are some:<\/p>\n<ul>\n<li aria-level=\"1\"><i>All those that surround Barcelona, \u200b\u200bincluding Baix Llobregat and Garraf.<\/i><\/li>\n<\/ul>\n<ul>\n<li aria-level=\"1\"><i>The Vall\u00e8s Occidental Area.<\/i><\/li>\n<\/ul>\n<ul>\n<li aria-level=\"1\"><i>The Camp de Tarragona.<\/i><\/li>\n<\/ul>\n<ul>\n<li aria-level=\"1\"><i>amposta.<\/i><\/li>\n<\/ul>\n<ul>\n<li aria-level=\"1\"><i>tortosa.<\/i><\/li>\n<\/ul>\n<ul>\n<li aria-level=\"1\"><i>The Girona conurbation.<\/i><\/li>\n<\/ul>\n<ul>\n<li aria-level=\"1\"><i>Lleida city.<\/i><\/li>\n<\/ul>\n<ul>\n<li aria-level=\"1\"><i>The most important capitals of Central Catalonia, such as Vic, Manresa, Igualada, Manlleu or Vilafranca del Pened\u00e8s, among others.<\/i><\/li>\n<\/ul>\n<p>To circulate in these areas it will be necessary to have a b Barcelona label, but also the 0, the ECO or the C. In general, the Generalitat&#8217;s plan is that <b>by the year 2025 all cities with more than 20,000 inhabitants have<\/b> <a href=\"https:\/\/www.ingartek.com\/es\/zonas-de-bajas-emisiones\/\" target=\"_blank\" rel=\"noopener\">areas of Low emissions<\/a> to protect the environment.<\/p>\n<p><b>LOW EMISSIONS ZONE BARCELONA SCHEDULE<\/b><\/p>\n<p>As of January 1, 2023, the hours of the low emission zones in Barcelona will be from <b>Monday to Friday, from 7 in the morning to 8 in the afternoon<\/b>. During this strip, the most polluting vehicles will not be able to enter the areas that we have already mentioned.<\/p>\n<p>You should know that if you do not have the environmental badge and you need to enter one of these areas in a timely manner, you can <b>request an application on the<\/b> <a href=\"https:\/\/www.amb.cat\/s\/web\/mobilitat\/mobilitat.html\" target=\"_blank\" rel=\"noopener nofollow\">AMB Mobilitat<\/a> website.<\/p>\n<p>At <a href=\"https:\/\/www.ingartek.com\/en\/\"><b>Ingartek<\/b><\/a><b>,<\/b> as experts in sustainable urban mobility, we join this kind of initiatives and make our <a href=\"https:\/\/www.ingartek.com\/en\/services\/\" target=\"_blank\" rel=\"noopener\">services<\/a> as experts available to different organizations. Both when designing plans for the Barcelona <a href=\"https:\/\/www.ingartek.com\/es\/zonas-de-bajas-emisiones\/\">low emission zone<\/a> and anywhere else.<\/p>\n","protected":false},"excerpt":{"rendered":"<p>We are increasingly aware of how important it is to take care of the environment. All actions count, but without a doubt those of the authorities are the ones that have the most value. Cities are taking more and more&#8230;<\/p>\n","protected":false},"author":7,"featured_media":0,"comment_status":"closed","ping_status":"closed","sticky":false,"template":"","format":"standard","meta":{"content-type":"","footnotes":""},"categories":[201],"tags":[],"class_list":["post-25923","post","type-post","status-publish","format-standard","hentry","category-news"],"_links":{"self":[{"href":"https:\/\/www.ingartek.com\/en\/wp-json\/wp\/v2\/posts\/25923","targetHints":{"allow":["GET"]}}],"collection":[{"href":"https:\/\/www.ingartek.com\/en\/wp-json\/wp\/v2\/posts"}],"about":[{"href":"https:\/\/www.ingartek.com\/en\/wp-json\/wp\/v2\/types\/post"}],"author":[{"embeddable":true,"href":"https:\/\/www.ingartek.com\/en\/wp-json\/wp\/v2\/users\/7"}],"replies":[{"embeddable":true,"href":"https:\/\/www.ingartek.com\/en\/wp-json\/wp\/v2\/comments?post=25923"}],"version-history":[{"count":0,"href":"https:\/\/www.ingartek.com\/en\/wp-json\/wp\/v2\/posts\/25923\/revisions"}],"wp:attachment":[{"href":"https:\/\/www.ingartek.com\/en\/wp-json\/wp\/v2\/media?parent=25923"}],"wp:term":[{"taxonomy":"category","embeddable":true,"href":"https:\/\/www.ingartek.com\/en\/wp-json\/wp\/v2\/categories?post=25923"},{"taxonomy":"post_tag","embeddable":true,"href":"https:\/\/www.ingartek.com\/en\/wp-json\/wp\/v2\/tags?post=25923"}],"curies":[{"name":"wp","href":"https:\/\/api.w.org\/{rel}","templated":true}]}}